{"id":137,"date":"2019-04-15T09:00:24","date_gmt":"2019-04-15T08:00:24","guid":{"rendered":"https:\/\/www.pertu.org\/?p=137"},"modified":"2019-05-23T20:23:12","modified_gmt":"2019-05-23T18:23:12","slug":"presentacio-partit","status":"publish","type":"post","link":"https:\/\/www.pertu.org\/index.php\/2019\/04\/15\/presentacio-partit\/","title":{"rendered":"PRESENTACI\u00d3 DEL PARTIT 15\/04\/2019"},"content":{"rendered":"<p>&nbsp;<\/p>\n<p><strong>ASC\u00d3 (Ribera d\u2019Ebre)<\/strong><br \/>\n<strong><img loading=\"lazy\" decoding=\"async\" class=\"size-thumbnail wp-image-70 alignleft\" src=\"https:\/\/www.pertu.org\/wp-content\/uploads\/2019\/03\/favicon-1-150x150.png\" alt=\"\" width=\"150\" height=\"150\" srcset=\"https:\/\/www.pertu.org\/wp-content\/uploads\/2019\/03\/favicon-1-150x150.png 150w, https:\/\/www.pertu.org\/wp-content\/uploads\/2019\/03\/favicon-1-300x300.png 300w, https:\/\/www.pertu.org\/wp-content\/uploads\/2019\/03\/favicon-1-100x100.png 100w, https:\/\/www.pertu.org\/wp-content\/uploads\/2019\/03\/favicon-1.png 512w\" sizes=\"auto, (max-width: 150px) 100vw, 150px\" \/><\/strong><strong>PER TU<\/strong> \u00e9s el nom de la nova proposta pol\u00edtica que s\u2019estrenar\u00e0 a Asc\u00f3 a les properes eleccions municipals del maig. Un partit pol\u00edtic que des de finals del mes de mar\u00e7 ja es troba inscrit al Registre de Partits Pol\u00edtics del Ministerio del Interior, i per tant, preparat per iniciar la seva singladura.<\/p>\n<p><strong>PER TU<\/strong> t\u00e9 com a guia contribuir a donar resposta a la voluntat pol\u00edtica de la ciutadania aix\u00ed com promoure candidatures per conc\u00f3rrer als comicis i poder formar part de les institucions pol\u00edtiques representatives. Amb aquesta nova plataforma <strong>PER TU<\/strong> persegueix l\u2019assoliment del progr\u00e9s econ\u00f2mic i social dels nostres pobles esdevenint una veu potent per reclamar el lloc que li pertoca a la ciutadania i al territori independentment del lloc on visqui.<!--more--><\/p>\n<p>El primer test amb les urnes tindr\u00e0 lloc el 26 de maig en qu\u00e8 <strong>PER TU<\/strong> concorrer\u00e0 a les eleccions locals d\u2019Asc\u00f3. El seu cap de llista, escollit per l\u2019assemblea de militants i simpatitzants d\u2019aquest nou partit, ser\u00e0 <strong>Miquel \u00c0ngel Ribes<\/strong> (Asc\u00f3, 1983). <strong>Ribes<\/strong> encap\u00e7alar\u00e0 una candidatura transversal, provinent de diferents sectors de la poblaci\u00f3, i que vol oferir una mirada plural davant els reptes als quals s\u2019encara Asc\u00f3 en la propera d\u00e8cada. Tot i que <strong>PER TU<\/strong> presentar\u00e0 un programa ampli, en l\u00ednies generals es pot resumir en:<\/p>\n<ul>\n<li>promocionar l\u2019economia amb la dinamitzaci\u00f3 dels diferents sectors de producci\u00f3.<\/li>\n<li>apostar per la formaci\u00f3 en tots els nivells.<\/li>\n<li>consolidar poblaci\u00f3 amb una pol\u00edtica d\u2019habitatge ambiciosa.<\/li>\n<li>l\u2019atenci\u00f3 a les persones en tant que s\u00f3n el principal capital de qu\u00e8<br \/>\ndisposa el municipi.<\/li>\n<\/ul>\n<p>La candidatura <strong>PER TU<\/strong> a Asc\u00f3 es presentar\u00e0 en un acte p\u00fablic obert a tota la poblaci\u00f3 que tindr\u00e0 lloc a primers de maig.<br \/>\nPer m\u00e9s informaci\u00f3, adre\u00e7ar-se a:<br \/>\n<a href=\"mailto:contacte@pertu.org\"> contacte@pertu.org<\/a><\/p>\n","protected":false},"excerpt":{"rendered":"<p>&nbsp; ASC\u00d3 (Ribera d\u2019Ebre) PER TU \u00e9s el nom de la nova proposta pol\u00edtica que s\u2019estrenar\u00e0 a Asc\u00f3 a les properes eleccions municipals del maig. Un partit pol\u00edtic que des de finals del mes de mar\u00e7 ja es troba inscrit al Registre de Partits Pol\u00edtics del Ministerio del Interior, i per tant, preparat per iniciar &hellip; <\/p>\n<p class=\"link-more\"><a href=\"https:\/\/www.pertu.org\/index.php\/2019\/04\/15\/presentacio-partit\/\" class=\"more-link\">Continua llegint <span class=\"screen-reader-text\">\u00abPRESENTACI\u00d3 DEL PARTIT 15\/04\/2019\u00bb<\/span><\/a><\/p>\n","protected":false},"author":1,"featured_media":0,"comment_status":"open","ping_status":"open","sticky":false,"template":"","format":"standard","meta":{"_exactmetrics_skip_tracking":false,"_exactmetrics_sitenote_active":false,"_exactmetrics_sitenote_note":"","_exactmetrics_sitenote_category":0,"footnotes":""},"categories":[6],"tags":[],"class_list":["post-137","post","type-post","status-publish","format-standard","hentry","category-notes-de-premsa"],"_links":{"self":[{"href":"https:\/\/www.pertu.org\/index.php\/wp-json\/wp\/v2\/posts\/137","targetHints":{"allow":["GET"]}}],"collection":[{"href":"https:\/\/www.pertu.org\/index.php\/wp-json\/wp\/v2\/posts"}],"about":[{"href":"https:\/\/www.pertu.org\/index.php\/wp-json\/wp\/v2\/types\/post"}],"author":[{"embeddable":true,"href":"https:\/\/www.pertu.org\/index.php\/wp-json\/wp\/v2\/users\/1"}],"replies":[{"embeddable":true,"href":"https:\/\/www.pertu.org\/index.php\/wp-json\/wp\/v2\/comments?post=137"}],"version-history":[{"count":7,"href":"https:\/\/www.pertu.org\/index.php\/wp-json\/wp\/v2\/posts\/137\/revisions"}],"predecessor-version":[{"id":207,"href":"https:\/\/www.pertu.org\/index.php\/wp-json\/wp\/v2\/posts\/137\/revisions\/207"}],"wp:attachment":[{"href":"https:\/\/www.pertu.org\/index.php\/wp-json\/wp\/v2\/media?parent=137"}],"wp:term":[{"taxonomy":"category","embeddable":true,"href":"https:\/\/www.pertu.org\/index.php\/wp-json\/wp\/v2\/categories?post=137"},{"taxonomy":"post_tag","embeddable":true,"href":"https:\/\/www.pertu.org\/index.php\/wp-json\/wp\/v2\/tags?post=137"}],"curies":[{"name":"wp","href":"https:\/\/api.w.org\/{rel}","templated":true}]}}