{"id":146,"date":"2019-05-01T09:00:50","date_gmt":"2019-05-01T08:00:50","guid":{"rendered":"https:\/\/www.pertu.org\/?p=146"},"modified":"2019-05-23T20:23:00","modified_gmt":"2019-05-23T18:23:00","slug":"presentacio-candidats-municipals-asco-2019","status":"publish","type":"post","link":"https:\/\/www.pertu.org\/index.php\/2019\/05\/01\/presentacio-candidats-municipals-asco-2019\/","title":{"rendered":"ES PRESENTEN ELS CANDIDATS DE LA LLISTA DE PER TU 01\/05\/2019"},"content":{"rendered":"<p><strong>ASC\u00d3 (Ribera d\u2019Ebre)<\/strong><\/p>\n<p><img loading=\"lazy\" decoding=\"async\" class=\"size-thumbnail wp-image-70 alignleft\" src=\"https:\/\/www.pertu.org\/wp-content\/uploads\/2019\/03\/favicon-1-150x150.png\" alt=\"\" width=\"150\" height=\"150\" srcset=\"https:\/\/www.pertu.org\/wp-content\/uploads\/2019\/03\/favicon-1-150x150.png 150w, https:\/\/www.pertu.org\/wp-content\/uploads\/2019\/03\/favicon-1-300x300.png 300w, https:\/\/www.pertu.org\/wp-content\/uploads\/2019\/03\/favicon-1-100x100.png 100w, https:\/\/www.pertu.org\/wp-content\/uploads\/2019\/03\/favicon-1.png 512w\" sizes=\"auto, (max-width: 150px) 100vw, 150px\" \/>A una setmana d\u2019iniciar-se la campanya electoral, la nova formaci\u00f3 pol\u00edtica <strong>PER TU<\/strong> far\u00e0 la presentaci\u00f3 p\u00fablica de la candidatura amb qu\u00e8 es presenta a les eleccions municipals d\u2019Asc\u00f3 pel proper 26 de maig.<\/p>\n<p>L\u2019acte, que comptar\u00e0 amb la participaci\u00f3 de la vintena de persones que aplega la candidatura, tindr\u00e0 lloc el divendres <strong>3 de maig<\/strong>, a les <strong>19.30 hores<\/strong>, a la <strong>Pla\u00e7a de la Pau d\u2019Asc\u00f3<\/strong>. La presentaci\u00f3 servir\u00e0 per presentar els diferents integrants de la llista aix\u00ed com el candidat a l\u2019alcaldia <strong>Miquel \u00c0ngel Ribes<\/strong>, per\u00f2 tamb\u00e9 per explicar quin ha estat el proc\u00e9s de reflexi\u00f3 que ha portat a tirar endavant aquesta candidatura i els objectius que es volen assolir amb aquest projecte pol\u00edtic municipal.<!--more--><\/p>\n<p><strong>PER TU<\/strong> ofereix als ve\u00efns d\u2019Asc\u00f3 una llista plural, altament capacitada i de persones compromeses amb el poble. Dones i homes que posen a disposici\u00f3 de la ciutadania la il\u00b7lusi\u00f3 per encarar amb \u00e8xit els reptes que encarar\u00e0 Asc\u00f3 els propers anys, i que presenten com aval la seva traject\u00f2ria, la formaci\u00f3 i l\u2019experi\u00e8ncia laboral en diferents camps.<br \/>\n<strong>PER TU<\/strong><\/p>\n<ol>\n<li>Miquel \u00c0ngel Ribes Jornet<\/li>\n<li>Carolina Baiges Gabald\u00e0<\/li>\n<li>Josep Maria Radu\u00e0 Serra<\/li>\n<li>Robert Vi\u00f1es Castan<\/li>\n<li>H\u00e9ctor Manuel Gil Ripoll<\/li>\n<li>Ana Maria Barrag\u00e1n Serrano<\/li>\n<li>Tom\u00e0s Biarn\u00e9s Gaig<\/li>\n<li>Josep Serra Serra<\/li>\n<li>Margarita Daura Biarn\u00e9s<\/li>\n<\/ol>\n<p><strong>Suplents<\/strong><\/p>\n<ol>\n<li>Ramdane Chellay Tikent<\/li>\n<li>David Vilanova Doblas<\/li>\n<li>Miquel Francisco Llop Serra<\/li>\n<li>N\u00faria Franquet Calvente<\/li>\n<li>Ferran Ramos Munt\u00e9<\/li>\n<li>Sergio Nogales Gracia<\/li>\n<li>Montserrat Nicolau Borr\u00e0s<\/li>\n<li>Sergi Alberton Ribes<\/li>\n<li>Xavier Grau Terr\u00e9<\/li>\n<li>Cristina Serra Cavall\u00e9<\/li>\n<\/ol>\n<p>Per m\u00e9s informaci\u00f3, adre\u00e7ar-se a:<br \/>\n<a href=\"mailto:contacte@pertu.org\"> contacte@pertu.org<\/a><\/p>\n","protected":false},"excerpt":{"rendered":"<p>ASC\u00d3 (Ribera d\u2019Ebre) A una setmana d\u2019iniciar-se la campanya electoral, la nova formaci\u00f3 pol\u00edtica PER TU far\u00e0 la presentaci\u00f3 p\u00fablica de la candidatura amb qu\u00e8 es presenta a les eleccions municipals d\u2019Asc\u00f3 pel proper 26 de maig. L\u2019acte, que comptar\u00e0 amb la participaci\u00f3 de la vintena de persones que aplega la candidatura, tindr\u00e0 lloc el &hellip; <\/p>\n<p class=\"link-more\"><a href=\"https:\/\/www.pertu.org\/index.php\/2019\/05\/01\/presentacio-candidats-municipals-asco-2019\/\" class=\"more-link\">Continua llegint <span class=\"screen-reader-text\">\u00abES PRESENTEN ELS CANDIDATS DE LA LLISTA DE PER TU 01\/05\/2019\u00bb<\/span><\/a><\/p>\n","protected":false},"author":1,"featured_media":0,"comment_status":"open","ping_status":"open","sticky":false,"template":"","format":"standard","meta":{"_exactmetrics_skip_tracking":false,"_exactmetrics_sitenote_active":false,"_exactmetrics_sitenote_note":"","_exactmetrics_sitenote_category":0,"footnotes":""},"categories":[6],"tags":[],"class_list":["post-146","post","type-post","status-publish","format-standard","hentry","category-notes-de-premsa"],"_links":{"self":[{"href":"https:\/\/www.pertu.org\/index.php\/wp-json\/wp\/v2\/posts\/146","targetHints":{"allow":["GET"]}}],"collection":[{"href":"https:\/\/www.pertu.org\/index.php\/wp-json\/wp\/v2\/posts"}],"about":[{"href":"https:\/\/www.pertu.org\/index.php\/wp-json\/wp\/v2\/types\/post"}],"author":[{"embeddable":true,"href":"https:\/\/www.pertu.org\/index.php\/wp-json\/wp\/v2\/users\/1"}],"replies":[{"embeddable":true,"href":"https:\/\/www.pertu.org\/index.php\/wp-json\/wp\/v2\/comments?post=146"}],"version-history":[{"count":3,"href":"https:\/\/www.pertu.org\/index.php\/wp-json\/wp\/v2\/posts\/146\/revisions"}],"predecessor-version":[{"id":206,"href":"https:\/\/www.pertu.org\/index.php\/wp-json\/wp\/v2\/posts\/146\/revisions\/206"}],"wp:attachment":[{"href":"https:\/\/www.pertu.org\/index.php\/wp-json\/wp\/v2\/media?parent=146"}],"wp:term":[{"taxonomy":"category","embeddable":true,"href":"https:\/\/www.pertu.org\/index.php\/wp-json\/wp\/v2\/categories?post=146"},{"taxonomy":"post_tag","embeddable":true,"href":"https:\/\/www.pertu.org\/index.php\/wp-json\/wp\/v2\/tags?post=146"}],"curies":[{"name":"wp","href":"https:\/\/api.w.org\/{rel}","templated":true}]}}