{"id":161,"date":"2019-05-04T09:00:59","date_gmt":"2019-05-04T08:00:59","guid":{"rendered":"https:\/\/www.pertu.org\/?p=161"},"modified":"2019-05-23T20:22:23","modified_gmt":"2019-05-23T18:22:23","slug":"presentacio-publica-de-la-candidatura-per-tu-a-les-eleccions-municipals-dasco-04052019","status":"publish","type":"post","link":"https:\/\/www.pertu.org\/index.php\/2019\/05\/04\/presentacio-publica-de-la-candidatura-per-tu-a-les-eleccions-municipals-dasco-04052019\/","title":{"rendered":"PRESENTACI\u00d3 P\u00daBLICA DE LA CANDIDATURA PER TU A LES ELECCIONS MUNICIPALS D\u2019ASC\u00d3 04\/05\/2019"},"content":{"rendered":"<p><strong>ASC\u00d3 (Ribera d\u2019Ebre)<\/strong><br \/>\n<img loading=\"lazy\" decoding=\"async\" class=\"size-thumbnail wp-image-70 alignleft\" src=\"https:\/\/www.pertu.org\/wp-content\/uploads\/2019\/03\/favicon-1-150x150.png\" alt=\"\" width=\"150\" height=\"150\" srcset=\"https:\/\/www.pertu.org\/wp-content\/uploads\/2019\/03\/favicon-1-150x150.png 150w, https:\/\/www.pertu.org\/wp-content\/uploads\/2019\/03\/favicon-1-300x300.png 300w, https:\/\/www.pertu.org\/wp-content\/uploads\/2019\/03\/favicon-1-100x100.png 100w, https:\/\/www.pertu.org\/wp-content\/uploads\/2019\/03\/favicon-1.png 512w\" sizes=\"auto, (max-width: 150px) 100vw, 150px\" \/>Aquest divendres 3 de maig la pla\u00e7a de la Pau d\u2019Asc\u00f3 ha acollit la presentaci\u00f3 als ve\u00efns de la candidatura <strong>PER TU<\/strong>, que per primer cop es presenta a les eleccions municipals del proper 26 de maig. L\u2019acte ha comptat amb m\u00e9s d\u2019un centenar d\u2019asconenques i asconencs que han acompanyat els m\u00e9s de 20 candidats que s\u2019han comprom\u00e8s en aquest projecte que vol \u201c<em>transformar Asc\u00f3 per fer front als reptes i dificultats que probablement caldr\u00e0 superar en els propers anys<\/em>\u201d.<!--more--><br \/>\nLa presentaci\u00f3 ha anat a c\u00e0rrec de Margarita Daura i Josep Serra, que han explicat com s\u2019ha gestat el nou partit i amb quins objectius program\u00e0tics s\u2019ha creat, per a continuaci\u00f3 donar la paraula a la resta de candidats titulars. Un a un han anat presentant-se i explicant les motivacions que els ha portat a sumar-se a <strong>PER TU<\/strong> i posar-se a disposici\u00f3 del poble per afavorir el canvi al govern municipal i encarar el futur amb optimisme.<br \/>\n<strong>Miquel \u00c0ngel Ribes<\/strong>, el candidat a alcalde, ha volgut transmetre quins s\u00f3n els valors que ent\u00e9n que han de formar part de l\u2019ADN de l\u2019Asc\u00f3 del dem\u00e0: \u201c<strong><em>sentit com\u00fa, il\u00b7lusi\u00f3, proximitat, esfor\u00e7 i comprom\u00eds<\/em><\/strong>\u201d. D\u2019aquesta manera es podr\u00e0 donar resposta a les inquietuds que han transm\u00e8s els ve\u00efns com s\u00f3n la diversificaci\u00f3 econ\u00f2mica, la consolidaci\u00f3 de poblaci\u00f3, la sostenibilitat en tots els \u00e0mbits i l\u2019atenci\u00f3 a les persones.<br \/>\nFinalment <strong>Ribes<\/strong> ha volgut destacar que la candidatura aplega persones de diferent origen, d\u2019ocupaci\u00f3 variada, amb formaci\u00f3 en diversos \u00e0mbits, i amb un denominador com\u00fa, la v\u00e0lua personal, que fa que es vegi amb for\u00e7a per liderar aquest projecte \u201c<strong><em>perqu\u00e8 el futur d\u2019Asc\u00f3 \u00e9s avui<\/em><\/strong>\u201d.<br \/>\nPer m\u00e9s informaci\u00f3, adre\u00e7ar-se a:<br \/>\ncontacte@pertu.org<\/p>\n","protected":false},"excerpt":{"rendered":"<p>ASC\u00d3 (Ribera d\u2019Ebre) Aquest divendres 3 de maig la pla\u00e7a de la Pau d\u2019Asc\u00f3 ha acollit la presentaci\u00f3 als ve\u00efns de la candidatura PER TU, que per primer cop es presenta a les eleccions municipals del proper 26 de maig. L\u2019acte ha comptat amb m\u00e9s d\u2019un centenar d\u2019asconenques i asconencs que han acompanyat els m\u00e9s &hellip; <\/p>\n<p class=\"link-more\"><a href=\"https:\/\/www.pertu.org\/index.php\/2019\/05\/04\/presentacio-publica-de-la-candidatura-per-tu-a-les-eleccions-municipals-dasco-04052019\/\" class=\"more-link\">Continua llegint <span class=\"screen-reader-text\">\u00abPRESENTACI\u00d3 P\u00daBLICA DE LA CANDIDATURA PER TU A LES ELECCIONS MUNICIPALS D\u2019ASC\u00d3 04\/05\/2019\u00bb<\/span><\/a><\/p>\n","protected":false},"author":1,"featured_media":0,"comment_status":"open","ping_status":"open","sticky":false,"template":"","format":"standard","meta":{"_exactmetrics_skip_tracking":false,"_exactmetrics_sitenote_active":false,"_exactmetrics_sitenote_note":"","_exactmetrics_sitenote_category":0,"footnotes":""},"categories":[6],"tags":[],"class_list":["post-161","post","type-post","status-publish","format-standard","hentry","category-notes-de-premsa"],"_links":{"self":[{"href":"https:\/\/www.pertu.org\/index.php\/wp-json\/wp\/v2\/posts\/161","targetHints":{"allow":["GET"]}}],"collection":[{"href":"https:\/\/www.pertu.org\/index.php\/wp-json\/wp\/v2\/posts"}],"about":[{"href":"https:\/\/www.pertu.org\/index.php\/wp-json\/wp\/v2\/types\/post"}],"author":[{"embeddable":true,"href":"https:\/\/www.pertu.org\/index.php\/wp-json\/wp\/v2\/users\/1"}],"replies":[{"embeddable":true,"href":"https:\/\/www.pertu.org\/index.php\/wp-json\/wp\/v2\/comments?post=161"}],"version-history":[{"count":2,"href":"https:\/\/www.pertu.org\/index.php\/wp-json\/wp\/v2\/posts\/161\/revisions"}],"predecessor-version":[{"id":205,"href":"https:\/\/www.pertu.org\/index.php\/wp-json\/wp\/v2\/posts\/161\/revisions\/205"}],"wp:attachment":[{"href":"https:\/\/www.pertu.org\/index.php\/wp-json\/wp\/v2\/media?parent=161"}],"wp:term":[{"taxonomy":"category","embeddable":true,"href":"https:\/\/www.pertu.org\/index.php\/wp-json\/wp\/v2\/categories?post=161"},{"taxonomy":"post_tag","embeddable":true,"href":"https:\/\/www.pertu.org\/index.php\/wp-json\/wp\/v2\/tags?post=161"}],"curies":[{"name":"wp","href":"https:\/\/api.w.org\/{rel}","templated":true}]}}