{"id":197,"date":"2019-05-18T09:00:43","date_gmt":"2019-05-18T07:00:43","guid":{"rendered":"https:\/\/www.pertu.org\/?p=197"},"modified":"2019-05-23T20:22:01","modified_gmt":"2019-05-23T18:22:01","slug":"propers-actes-de-campanya-de-la-candidatura-per-tu","status":"publish","type":"post","link":"https:\/\/www.pertu.org\/index.php\/2019\/05\/18\/propers-actes-de-campanya-de-la-candidatura-per-tu\/","title":{"rendered":"PROPERS ACTES DE CAMPANYA DE LA CANDIDATURA PER TU 18\/05\/2019"},"content":{"rendered":"<p><img loading=\"lazy\" decoding=\"async\" class=\"size-thumbnail wp-image-70 alignleft\" src=\"https:\/\/www.pertu.org\/wp-content\/uploads\/2019\/03\/favicon-1-150x150.png\" alt=\"\" width=\"150\" height=\"150\" srcset=\"https:\/\/www.pertu.org\/wp-content\/uploads\/2019\/03\/favicon-1-150x150.png 150w, https:\/\/www.pertu.org\/wp-content\/uploads\/2019\/03\/favicon-1-300x300.png 300w, https:\/\/www.pertu.org\/wp-content\/uploads\/2019\/03\/favicon-1-100x100.png 100w, https:\/\/www.pertu.org\/wp-content\/uploads\/2019\/03\/favicon-1.png 512w\" sizes=\"auto, (max-width: 150px) 100vw, 150px\" \/><strong>ASC\u00d3 (Ribera d\u2019Ebre)<\/strong><br \/>\nEnfilant la segona setmana de la campanya electoral, des de la candidatura <strong>PER TU<\/strong> s\u2019estan enllestint els diferents actes amb qu\u00e8 es continuar\u00e0 mantenint el contacte amb els ve\u00efns i ve\u00efnes d\u2019Asc\u00f3, d\u2019una banda, per donar a con\u00e8ixer i facilitar-los el programa electoral, i d\u2019una altra banda, per rebre les seves propostes per tal de construir un projecte de futur el m\u00e9s participat possible.<!--more--><br \/>\nEn primer lloc, aquest <strong>dilluns 20 de maig i entre les 19 i les 22 hores<\/strong>, a la <strong>sala d\u2019actes de l\u2019ajuntament d\u2019Asc\u00f3<\/strong> tindr\u00e0 lloc un <strong>Espai de Trobada Per Tu!<\/strong> En aquest acte els integrants de la llista <strong>PER TU<\/strong> atendran tothom qui ho desitgi, ja sigui per escoltar els seus suggeriments i les seves inquietuds aix\u00ed com per explicar-los el contingut del programa electoral. Una manera m\u00e9s d\u2019estar al costat de la gent i poder resoldre els dubtes que puguin tenir.<br \/>\nA m\u00e9s, ja hi ha data, lloc i hora per al <strong>m\u00edting final de campanya<\/strong> amb qu\u00e8 es posar\u00e0 punt i final als quinze dies de campanya. Aquest tindr\u00e0 lloc al <strong>Casal Municipal<\/strong> el proper <strong>divendres 24 de maig, a les 22 hores<\/strong>. L\u2019acte servir\u00e0 per remarcar les principals l\u00ednies d\u2019actuaci\u00f3 del projecte que es poden resumir en la promoci\u00f3 econ\u00f2mica \u2013<strong>per un poble amb futur<\/strong>-, en l\u2019impuls de l\u2019habitatge nou i de lloguer i per un paisatge urb\u00e0 m\u00e9s amable i sostenible \u2013<strong>per un poble on viure<\/strong>&#8211; i en l\u2019atenci\u00f3 i el benestar de les persones \u2013<strong>per un poble viu<\/strong>. A m\u00e9s sense passar per alt les dotze accions immediates que s\u00f3n un comprom\u00eds de <strong>PER TU<\/strong> per als primers mesos del mandat.<br \/>\nFinalment recordar que des d\u2019ahir i durant uns dies els diferents membres de la candidatura realitzaran el <strong>porta a porta<\/strong> amb el material electoral. Mentre que <strong>el dilluns 20 de maig a les 22 hores V\u00eddeo Asc\u00f3 TV emetr\u00e0 el programa dedicat a la candidatura PER TU<\/strong> i que posteriorment podr\u00e0 ser visionat a les xarxes socials del partit.<br \/>\nPer m\u00e9s informaci\u00f3, adre\u00e7ar-se a:<br \/>\n<a href=\"mailto:contacte@pertu.org\">contacte@pertu.org<\/a><\/p>\n","protected":false},"excerpt":{"rendered":"<p>ASC\u00d3 (Ribera d\u2019Ebre) Enfilant la segona setmana de la campanya electoral, des de la candidatura PER TU s\u2019estan enllestint els diferents actes amb qu\u00e8 es continuar\u00e0 mantenint el contacte amb els ve\u00efns i ve\u00efnes d\u2019Asc\u00f3, d\u2019una banda, per donar a con\u00e8ixer i facilitar-los el programa electoral, i d\u2019una altra banda, per rebre les seves propostes &hellip; <\/p>\n<p class=\"link-more\"><a href=\"https:\/\/www.pertu.org\/index.php\/2019\/05\/18\/propers-actes-de-campanya-de-la-candidatura-per-tu\/\" class=\"more-link\">Continua llegint <span class=\"screen-reader-text\">\u00abPROPERS ACTES DE CAMPANYA DE LA CANDIDATURA PER TU 18\/05\/2019\u00bb<\/span><\/a><\/p>\n","protected":false},"author":1,"featured_media":0,"comment_status":"open","ping_status":"open","sticky":false,"template":"","format":"standard","meta":{"_exactmetrics_skip_tracking":false,"_exactmetrics_sitenote_active":false,"_exactmetrics_sitenote_note":"","_exactmetrics_sitenote_category":0,"footnotes":""},"categories":[6],"tags":[],"class_list":["post-197","post","type-post","status-publish","format-standard","hentry","category-notes-de-premsa"],"_links":{"self":[{"href":"https:\/\/www.pertu.org\/index.php\/wp-json\/wp\/v2\/posts\/197","targetHints":{"allow":["GET"]}}],"collection":[{"href":"https:\/\/www.pertu.org\/index.php\/wp-json\/wp\/v2\/posts"}],"about":[{"href":"https:\/\/www.pertu.org\/index.php\/wp-json\/wp\/v2\/types\/post"}],"author":[{"embeddable":true,"href":"https:\/\/www.pertu.org\/index.php\/wp-json\/wp\/v2\/users\/1"}],"replies":[{"embeddable":true,"href":"https:\/\/www.pertu.org\/index.php\/wp-json\/wp\/v2\/comments?post=197"}],"version-history":[{"count":6,"href":"https:\/\/www.pertu.org\/index.php\/wp-json\/wp\/v2\/posts\/197\/revisions"}],"predecessor-version":[{"id":204,"href":"https:\/\/www.pertu.org\/index.php\/wp-json\/wp\/v2\/posts\/197\/revisions\/204"}],"wp:attachment":[{"href":"https:\/\/www.pertu.org\/index.php\/wp-json\/wp\/v2\/media?parent=197"}],"wp:term":[{"taxonomy":"category","embeddable":true,"href":"https:\/\/www.pertu.org\/index.php\/wp-json\/wp\/v2\/categories?post=197"},{"taxonomy":"post_tag","embeddable":true,"href":"https:\/\/www.pertu.org\/index.php\/wp-json\/wp\/v2\/tags?post=197"}],"curies":[{"name":"wp","href":"https:\/\/api.w.org\/{rel}","templated":true}]}}