{"id":214,"date":"2019-05-28T09:00:02","date_gmt":"2019-05-28T07:00:02","guid":{"rendered":"https:\/\/www.pertu.org\/?p=214"},"modified":"2019-05-28T10:19:48","modified_gmt":"2019-05-28T08:19:48","slug":"per-tu-victoria-municipals-asco-28052019","status":"publish","type":"post","link":"https:\/\/www.pertu.org\/index.php\/2019\/05\/28\/per-tu-victoria-municipals-asco-28052019\/","title":{"rendered":"PER TU S\u2019END\u00da LA VICT\u00d2RIA A LES MUNICIPALS A ASC\u00d3 28\/05\/2019"},"content":{"rendered":"<p><img loading=\"lazy\" decoding=\"async\" class=\"size-thumbnail wp-image-70 alignleft\" src=\"https:\/\/www.pertu.org\/wp-content\/uploads\/2019\/03\/favicon-1-150x150.png\" alt=\"\" width=\"150\" height=\"150\" srcset=\"https:\/\/www.pertu.org\/wp-content\/uploads\/2019\/03\/favicon-1-150x150.png 150w, https:\/\/www.pertu.org\/wp-content\/uploads\/2019\/03\/favicon-1-300x300.png 300w, https:\/\/www.pertu.org\/wp-content\/uploads\/2019\/03\/favicon-1-100x100.png 100w, https:\/\/www.pertu.org\/wp-content\/uploads\/2019\/03\/favicon-1.png 512w\" sizes=\"auto, (max-width: 150px) 100vw, 150px\" \/><strong>ASC\u00d3 (Ribera d\u2019Ebre)<\/strong><\/p>\n<p>El partit <strong>PER TU<\/strong> ha aconseguit emportar-se <strong>la vict\u00f2ria a Asc\u00f3<\/strong> en unes eleccions molt disputades ja que hi concorrien un total de sis candidatures, el m\u00e0xim nombre fins ara des de 1979 en\u00e7\u00e0, any de les primeres eleccions des de la represa democr\u00e0tica.<!--more--><\/p>\n<p>Amb un programa centrat en la diversificaci\u00f3 econ\u00f2mica, la reactivaci\u00f3 de l\u2019habitatge i un entorn urb\u00e0 sostenible, i l\u2019aposta per les persones i el seu benestar, <strong>PER TU ha merescut la confian\u00e7a d\u2019un 28\u20194% dels ve\u00efns (316 vots)<\/strong>, tres punts per damunt del partit que ha quedat en segon lloc (ERC amb 279 vots i un 25\u20191%). La candidatura, que s\u2019estrenava a unes eleccions i que ha estat encap\u00e7alada per Miquel \u00c0ngel Ribes, \u201c<em>posa de relleu la import\u00e0ncia dels resultats en tant que \u00e9s un partit creat recentment i que ha comen\u00e7at de zero davant d\u2019altres formacions pol\u00edtiques m\u00e9s consolidades<\/em>\u201d.<\/p>\n<p>A partir d\u2019ara s\u2019obre un escenari de converses entre els representants municipals del futur consistori per conformar un govern estable i que doni resposta a la voluntat dels ve\u00efns d\u2019Asc\u00f3 que a les urnes del 26 de maig han apostat pel canvi. A m\u00e9s a m\u00e9s, la fragmentaci\u00f3 de l\u2019ajuntament en cinc grups municipals \u201c<em>demanar\u00e0 esfor\u00e7os per part de tothom per assolir consensos en aquells temes cabdals<\/em>\u201d.<\/p>\n<p>Des de <strong>PER TU<\/strong> es vol destacar especialment \u201c<em>l\u2019important participaci\u00f3 assolida, ja que fins a un 84% dels censats a Asc\u00f3 han exercit el seu dret a vot, convertint-se en les segones votacions municipals amb una major participaci\u00f3, cosa que indica fins a quin punt la ciutadania ha volgut expressar el seu parer sobre els reptes als quals s\u2019encara la vila d\u2019Asc\u00f3 en els propers anys<\/em>\u201d.<\/p>\n<p>Miquel \u00c0ngel Ribes, Carolina Baiges i Josep Maria Radu\u00e0 s\u00f3n els tres candidats que prendran possessi\u00f3 el proper 15 de juny de l\u2019acta de regidors de l\u2019ajuntament d\u2019Asc\u00f3 en representaci\u00f3 de <strong>PER TU<\/strong> pel per\u00edode 2019-2023.<\/p>\n<p>Per m\u00e9s informaci\u00f3, adre\u00e7ar-se a:<\/p>\n<p>contacte@pertu.org<\/p>\n","protected":false},"excerpt":{"rendered":"<p>ASC\u00d3 (Ribera d\u2019Ebre) El partit PER TU ha aconseguit emportar-se la vict\u00f2ria a Asc\u00f3 en unes eleccions molt disputades ja que hi concorrien un total de sis candidatures, el m\u00e0xim nombre fins ara des de 1979 en\u00e7\u00e0, any de les primeres eleccions des de la represa democr\u00e0tica.<\/p>\n","protected":false},"author":1,"featured_media":0,"comment_status":"open","ping_status":"open","sticky":false,"template":"","format":"standard","meta":{"_exactmetrics_skip_tracking":false,"_exactmetrics_sitenote_active":false,"_exactmetrics_sitenote_note":"","_exactmetrics_sitenote_category":0,"footnotes":""},"categories":[6],"tags":[],"class_list":["post-214","post","type-post","status-publish","format-standard","hentry","category-notes-de-premsa"],"_links":{"self":[{"href":"https:\/\/www.pertu.org\/index.php\/wp-json\/wp\/v2\/posts\/214","targetHints":{"allow":["GET"]}}],"collection":[{"href":"https:\/\/www.pertu.org\/index.php\/wp-json\/wp\/v2\/posts"}],"about":[{"href":"https:\/\/www.pertu.org\/index.php\/wp-json\/wp\/v2\/types\/post"}],"author":[{"embeddable":true,"href":"https:\/\/www.pertu.org\/index.php\/wp-json\/wp\/v2\/users\/1"}],"replies":[{"embeddable":true,"href":"https:\/\/www.pertu.org\/index.php\/wp-json\/wp\/v2\/comments?post=214"}],"version-history":[{"count":1,"href":"https:\/\/www.pertu.org\/index.php\/wp-json\/wp\/v2\/posts\/214\/revisions"}],"predecessor-version":[{"id":215,"href":"https:\/\/www.pertu.org\/index.php\/wp-json\/wp\/v2\/posts\/214\/revisions\/215"}],"wp:attachment":[{"href":"https:\/\/www.pertu.org\/index.php\/wp-json\/wp\/v2\/media?parent=214"}],"wp:term":[{"taxonomy":"category","embeddable":true,"href":"https:\/\/www.pertu.org\/index.php\/wp-json\/wp\/v2\/categories?post=214"},{"taxonomy":"post_tag","embeddable":true,"href":"https:\/\/www.pertu.org\/index.php\/wp-json\/wp\/v2\/tags?post=214"}],"curies":[{"name":"wp","href":"https:\/\/api.w.org\/{rel}","templated":true}]}}