{"id":222,"date":"2019-06-15T09:00:12","date_gmt":"2019-06-15T07:00:12","guid":{"rendered":"https:\/\/www.pertu.org\/?p=222"},"modified":"2019-06-17T09:59:33","modified_gmt":"2019-06-17T07:59:33","slug":"per-tu-i-erc-signen-lacord-de-govern-municipal-a-asco-15062019","status":"publish","type":"post","link":"https:\/\/www.pertu.org\/index.php\/2019\/06\/15\/per-tu-i-erc-signen-lacord-de-govern-municipal-a-asco-15062019\/","title":{"rendered":"PER TU I ERC SIGNEN L\u2019ACORD DE GOVERN MUNICIPAL A ASC\u00d3 15\/06\/2019"},"content":{"rendered":"<p><img loading=\"lazy\" decoding=\"async\" class=\"size-thumbnail wp-image-70 alignleft\" src=\"https:\/\/www.pertu.org\/wp-content\/uploads\/2019\/03\/favicon-1-150x150.png\" alt=\"\" width=\"150\" height=\"150\" srcset=\"https:\/\/www.pertu.org\/wp-content\/uploads\/2019\/03\/favicon-1-150x150.png 150w, https:\/\/www.pertu.org\/wp-content\/uploads\/2019\/03\/favicon-1-300x300.png 300w, https:\/\/www.pertu.org\/wp-content\/uploads\/2019\/03\/favicon-1-100x100.png 100w, https:\/\/www.pertu.org\/wp-content\/uploads\/2019\/03\/favicon-1.png 512w\" sizes=\"auto, (max-width: 150px) 100vw, 150px\" \/><strong>ASC\u00d3 (Ribera d\u2019Ebre)<\/strong><\/p>\n<p>Despr\u00e9s de dies de converses entre els dos partits majoritaris de l\u2019ajuntament d\u2019Asc\u00f3, <strong>PER TU<\/strong> i <strong>ERC<\/strong> han signat el pacte que permetr\u00e0 emprendre una nova etapa al govern municipal d\u2019Asc\u00f3 amb una coalici\u00f3 encap\u00e7alada per <strong>Miquel \u00c0ngel Ribes (PER TU) com alcalde i Amadeu Pros (ERC) com a primer tinent d\u2019alcalde<\/strong>, per al mandat <strong>2019-2023<\/strong>.<!--more--><\/p>\n<p>El nou equip de govern, que comptar\u00e0 amb 6 dels 9 regidors que composen el consistori, ha escoltat la voluntat de canvi expressada a les urnes el passat 26 de maig, i \u00e9s per aquest motiu, que ha tirat endavant un acord basat en la transpar\u00e8ncia davant la ciutadania de les decisions que s\u2019hagin de prendre aix\u00ed com la cooperaci\u00f3 entre els diferents membres del govern per treballar amb lleialtat i confian\u00e7a, i la consecuci\u00f3 del consens en els projectes a tirar endavant.<\/p>\n<p>El pacte de govern s\u2019ha marcat com a fites la diversificaci\u00f3 de l\u2019economia, la millora de l\u2019entorn urb\u00e0, el benestar i l\u2019atenci\u00f3 a les persones, l\u2019aposta per les noves tecnologies, l\u2019impuls de l\u2019\u00e0rea de participaci\u00f3 ciutadana i la promoci\u00f3 d\u2019un ajuntament efica\u00e7, transparent i pr\u00f2xim.<\/p>\n<p>Tal\u00a0 com han dif\u00f3s a trav\u00e9s de les xarxes socials, PER TU i ERC inicien \u201c<em>una nova etapa al capdavant del govern municipal d\u2019Asc\u00f3 amb il\u00b7lusi\u00f3, ganes de treballar i comptant amb tothom<\/em>\u201d.<\/p>\n<p>En els propers dies es donar\u00e0 a con\u00e8ixer el pacte de govern detallat aix\u00ed com l\u2019organigrama de les diferents \u00e0rees de treball i regidories. Acompanyaran Miquel \u00c0ngel Ribes i Amadeu Pros els regidors Carolina Baiges, Aida Roig\u00e9, Josep Maria Radu\u00e0 i Joan Mart\u00ednez.<\/p>\n<p>&nbsp;<\/p>\n<p>Per m\u00e9s informaci\u00f3, adre\u00e7ar-se a:<\/p>\n<p>contacte@pertu.org<\/p>\n","protected":false},"excerpt":{"rendered":"<p>ASC\u00d3 (Ribera d\u2019Ebre) Despr\u00e9s de dies de converses entre els dos partits majoritaris de l\u2019ajuntament d\u2019Asc\u00f3, PER TU i ERC han signat el pacte que permetr\u00e0 emprendre una nova etapa al govern municipal d\u2019Asc\u00f3 amb una coalici\u00f3 encap\u00e7alada per Miquel \u00c0ngel Ribes (PER TU) com alcalde i Amadeu Pros (ERC) com a primer tinent d\u2019alcalde, &hellip; <\/p>\n<p class=\"link-more\"><a href=\"https:\/\/www.pertu.org\/index.php\/2019\/06\/15\/per-tu-i-erc-signen-lacord-de-govern-municipal-a-asco-15062019\/\" class=\"more-link\">Continua llegint <span class=\"screen-reader-text\">\u00abPER TU I ERC SIGNEN L\u2019ACORD DE GOVERN MUNICIPAL A ASC\u00d3 15\/06\/2019\u00bb<\/span><\/a><\/p>\n","protected":false},"author":1,"featured_media":0,"comment_status":"open","ping_status":"open","sticky":false,"template":"","format":"standard","meta":{"_exactmetrics_skip_tracking":false,"_exactmetrics_sitenote_active":false,"_exactmetrics_sitenote_note":"","_exactmetrics_sitenote_category":0,"footnotes":""},"categories":[6],"tags":[],"class_list":["post-222","post","type-post","status-publish","format-standard","hentry","category-notes-de-premsa"],"_links":{"self":[{"href":"https:\/\/www.pertu.org\/index.php\/wp-json\/wp\/v2\/posts\/222","targetHints":{"allow":["GET"]}}],"collection":[{"href":"https:\/\/www.pertu.org\/index.php\/wp-json\/wp\/v2\/posts"}],"about":[{"href":"https:\/\/www.pertu.org\/index.php\/wp-json\/wp\/v2\/types\/post"}],"author":[{"embeddable":true,"href":"https:\/\/www.pertu.org\/index.php\/wp-json\/wp\/v2\/users\/1"}],"replies":[{"embeddable":true,"href":"https:\/\/www.pertu.org\/index.php\/wp-json\/wp\/v2\/comments?post=222"}],"version-history":[{"count":2,"href":"https:\/\/www.pertu.org\/index.php\/wp-json\/wp\/v2\/posts\/222\/revisions"}],"predecessor-version":[{"id":224,"href":"https:\/\/www.pertu.org\/index.php\/wp-json\/wp\/v2\/posts\/222\/revisions\/224"}],"wp:attachment":[{"href":"https:\/\/www.pertu.org\/index.php\/wp-json\/wp\/v2\/media?parent=222"}],"wp:term":[{"taxonomy":"category","embeddable":true,"href":"https:\/\/www.pertu.org\/index.php\/wp-json\/wp\/v2\/categories?post=222"},{"taxonomy":"post_tag","embeddable":true,"href":"https:\/\/www.pertu.org\/index.php\/wp-json\/wp\/v2\/tags?post=222"}],"curies":[{"name":"wp","href":"https:\/\/api.w.org\/{rel}","templated":true}]}}